{"id":2726,"date":"2023-01-28T15:16:43","date_gmt":"2023-01-28T14:16:43","guid":{"rendered":"https:\/\/ecolesainteanne-baud.com\/?p=2726"},"modified":"2023-01-28T15:16:43","modified_gmt":"2023-01-28T14:16:43","slug":"visite-expo","status":"publish","type":"post","link":"https:\/\/ecolesainteanne-baud.com\/index.php\/2023\/01\/28\/visite-expo\/","title":{"rendered":"Visite Expo"},"content":{"rendered":"\n<p>Mardi 24 janvier, les \u00e9l\u00e8ves de cycle 3 ont d\u00e9couvert l&rsquo;exposition \u00ab\u00a0Complainte Nordique\u00a0\u00bb par Jean Marie S\u00e9veno. Ils ont beaucoup appr\u00e9ci\u00e9 ce moment au Quatro. Les magnifiques photographies les ont sensibilis\u00e9es au r\u00e9chauffement climatique. Ils ont vot\u00e9 pour leur photo pr\u00e9f\u00e9r\u00e9e. <\/p>\n\n\n\n<figure class=\"wp-block-gallery has-nested-images columns-default is-cropped wp-block-gallery-1 is-layout-flex wp-block-gallery-is-layout-flex\">\n<figure class=\"wp-block-image size-large\"><img loading=\"lazy\" decoding=\"async\" width=\"768\" height=\"1024\" data-id=\"2727\" src=\"https:\/\/ecolesainteanne-baud.com\/wp-content\/uploads\/2023\/01\/IMG_20230124_094942-768x1024.jpg\" alt=\"\" class=\"wp-image-2727\" srcset=\"https:\/\/ecolesainteanne-baud.com\/wp-content\/uploads\/2023\/01\/IMG_20230124_094942-768x1024.jpg 768w, https:\/\/ecolesainteanne-baud.com\/wp-content\/uploads\/2023\/01\/IMG_20230124_094942-225x300.jpg 225w, https:\/\/ecolesainteanne-baud.com\/wp-content\/uploads\/2023\/01\/IMG_20230124_094942-1152x1536.jpg 1152w, https:\/\/ecolesainteanne-baud.com\/wp-content\/uploads\/2023\/01\/IMG_20230124_094942-1536x2048.jpg 1536w, https:\/\/ecolesainteanne-baud.com\/wp-content\/uploads\/2023\/01\/IMG_20230124_094942-scaled.jpg 1920w\" sizes=\"auto, (max-width: 768px) 100vw, 768px\" \/><\/figure>\n<\/figure>\n\n\n\n<figure class=\"wp-block-gallery has-nested-images columns-default is-cropped wp-block-gallery-2 is-layout-flex wp-block-gallery-is-layout-flex\">\n<figure class=\"wp-block-image size-large\"><img loading=\"lazy\" decoding=\"async\" width=\"768\" height=\"1024\" data-id=\"2728\" src=\"https:\/\/ecolesainteanne-baud.com\/wp-content\/uploads\/2023\/01\/IMG_20230124_094621-768x1024.jpg\" alt=\"\" class=\"wp-image-2728\" srcset=\"https:\/\/ecolesainteanne-baud.com\/wp-content\/uploads\/2023\/01\/IMG_20230124_094621-768x1024.jpg 768w, https:\/\/ecolesainteanne-baud.com\/wp-content\/uploads\/2023\/01\/IMG_20230124_094621-225x300.jpg 225w, https:\/\/ecolesainteanne-baud.com\/wp-content\/uploads\/2023\/01\/IMG_20230124_094621-1152x1536.jpg 1152w, https:\/\/ecolesainteanne-baud.com\/wp-content\/uploads\/2023\/01\/IMG_20230124_094621-1536x2048.jpg 1536w, https:\/\/ecolesainteanne-baud.com\/wp-content\/uploads\/2023\/01\/IMG_20230124_094621-scaled.jpg 1920w\" sizes=\"auto, (max-width: 768px) 100vw, 768px\" \/><\/figure>\n<\/figure>\n\n\n\n<figure class=\"wp-block-gallery has-nested-images columns-default is-cropped wp-block-gallery-3 is-layout-flex wp-block-gallery-is-layout-flex\">\n<figure class=\"wp-block-image size-large\"><img loading=\"lazy\" decoding=\"async\" width=\"1024\" height=\"769\" data-id=\"2729\" src=\"https:\/\/ecolesainteanne-baud.com\/wp-content\/uploads\/2023\/01\/IMG_20230124_094819-1024x769.jpg\" alt=\"\" class=\"wp-image-2729\" srcset=\"https:\/\/ecolesainteanne-baud.com\/wp-content\/uploads\/2023\/01\/IMG_20230124_094819-1024x769.jpg 1024w, https:\/\/ecolesainteanne-baud.com\/wp-content\/uploads\/2023\/01\/IMG_20230124_094819-300x225.jpg 300w, https:\/\/ecolesainteanne-baud.com\/wp-content\/uploads\/2023\/01\/IMG_20230124_094819-768x577.jpg 768w, https:\/\/ecolesainteanne-baud.com\/wp-content\/uploads\/2023\/01\/IMG_20230124_094819-1536x1154.jpg 1536w, https:\/\/ecolesainteanne-baud.com\/wp-content\/uploads\/2023\/01\/IMG_20230124_094819-2048x1538.jpg 2048w\" sizes=\"auto, (max-width: 1024px) 100vw, 1024px\" \/><\/figure>\n<\/figure>\n\n\n\n<figure class=\"wp-block-image size-large\"><img loading=\"lazy\" decoding=\"async\" width=\"768\" height=\"1024\" src=\"https:\/\/ecolesainteanne-baud.com\/wp-content\/uploads\/2023\/01\/IMG_20230124_095915-768x1024.jpg\" alt=\"\" class=\"wp-image-2730\" srcset=\"https:\/\/ecolesainteanne-baud.com\/wp-content\/uploads\/2023\/01\/IMG_20230124_095915-768x1024.jpg 768w, https:\/\/ecolesainteanne-baud.com\/wp-content\/uploads\/2023\/01\/IMG_20230124_095915-225x300.jpg 225w, https:\/\/ecolesainteanne-baud.com\/wp-content\/uploads\/2023\/01\/IMG_20230124_095915-1152x1536.jpg 1152w, https:\/\/ecolesainteanne-baud.com\/wp-content\/uploads\/2023\/01\/IMG_20230124_095915-1536x2048.jpg 1536w, https:\/\/ecolesainteanne-baud.com\/wp-content\/uploads\/2023\/01\/IMG_20230124_095915-scaled.jpg 1920w\" sizes=\"auto, (max-width: 768px) 100vw, 768px\" \/><figcaption class=\"wp-element-caption\">Voici la photo \u00ab\u00a0coup de coeur\u00a0\u00bb des CM1<\/figcaption><\/figure>\n","protected":false},"excerpt":{"rendered":"<p>Mardi 24 janvier, les \u00e9l\u00e8ves de cycle 3 ont d\u00e9couvert l&rsquo;exposition \u00ab\u00a0Complainte Nordique\u00a0\u00bb par Jean Marie S\u00e9veno. Ils ont beaucoup appr\u00e9ci\u00e9 ce moment au Quatro. Les magnifiques photographies les ont sensibilis\u00e9es au r\u00e9chauffement climatique. Ils ont vot\u00e9 pour leur photo pr\u00e9f\u00e9r\u00e9e.<\/p>\n","protected":false},"author":3,"featured_media":0,"comment_status":"closed","ping_status":"","sticky":false,"template":"","format":"standard","meta":{"footnotes":""},"categories":[8,4],"tags":[],"class_list":["post-2726","post","type-post","status-publish","format-standard","hentry","category-cycle-3","category-vie-de-lecole","entry"],"_links":{"self":[{"href":"https:\/\/ecolesainteanne-baud.com\/index.php\/wp-json\/wp\/v2\/posts\/2726","targetHints":{"allow":["GET"]}}],"collection":[{"href":"https:\/\/ecolesainteanne-baud.com\/index.php\/wp-json\/wp\/v2\/posts"}],"about":[{"href":"https:\/\/ecolesainteanne-baud.com\/index.php\/wp-json\/wp\/v2\/types\/post"}],"author":[{"embeddable":true,"href":"https:\/\/ecolesainteanne-baud.com\/index.php\/wp-json\/wp\/v2\/users\/3"}],"replies":[{"embeddable":true,"href":"https:\/\/ecolesainteanne-baud.com\/index.php\/wp-json\/wp\/v2\/comments?post=2726"}],"version-history":[{"count":1,"href":"https:\/\/ecolesainteanne-baud.com\/index.php\/wp-json\/wp\/v2\/posts\/2726\/revisions"}],"predecessor-version":[{"id":2731,"href":"https:\/\/ecolesainteanne-baud.com\/index.php\/wp-json\/wp\/v2\/posts\/2726\/revisions\/2731"}],"wp:attachment":[{"href":"https:\/\/ecolesainteanne-baud.com\/index.php\/wp-json\/wp\/v2\/media?parent=2726"}],"wp:term":[{"taxonomy":"category","embeddable":true,"href":"https:\/\/ecolesainteanne-baud.com\/index.php\/wp-json\/wp\/v2\/categories?post=2726"},{"taxonomy":"post_tag","embeddable":true,"href":"https:\/\/ecolesainteanne-baud.com\/index.php\/wp-json\/wp\/v2\/tags?post=2726"}],"curies":[{"name":"wp","href":"https:\/\/api.w.org\/{rel}","templated":true}]}}